{"id":1385,"date":"2015-04-10T11:21:44","date_gmt":"2015-04-10T09:21:44","guid":{"rendered":"http:\/\/www.landerneau-ecologie.org\/?p=1385"},"modified":"2015-04-14T11:23:30","modified_gmt":"2015-04-14T09:23:30","slug":"consommation-electrique-en-baisse-en-2014-en-bretagne-centrale-inutile","status":"publish","type":"post","link":"http:\/\/www.landerneau-ecologie.org\/?p=1385","title":{"rendered":"Consommation \u00e9lectrique en baisse en 2014 en Bretagne. Centrale inutile."},"content":{"rendered":"<p>L\u2019inutilit\u00e9 d\u2019une centrale \u00e9lectrique \u00e0 Landivisiau se v\u00e9rifie ann\u00e9e apr\u00e8s ann\u00e9e. En 2014 ce n\u2019est plus une stagnation mais une baisse de la consommation qui est observ\u00e9e.<\/p>\n<p><a href=\"http:\/\/www.nonalacentrale.fr\/wp-content\/uploads\/2015\/04\/bilan_2015_bretagne_bat_basse_def.pdf\">voir le bilan RTE pour 2014 en Bretagne<\/a><\/p>\n<p><img src=\"https:\/\/i0.wp.com\/seaus.free.fr\/local\/cache-vignettes\/L500xH235\/electricite-la-bretagne-moins-gourmande-en-2014_2322093_660x310-1d21b.jpg\" alt=\"\" data-recalc-dims=\"1\" \/><br \/>\n<a href=\"http:\/\/www.letelegramme.fr\/economie\/electricite-la-bretagne-moins-gourmande-en-2014-10-04-2015-10589501.php?xtor=EPR-3-[quotidienne\"><br \/>\nle t\u00e9l\u00e9gramme<\/a><\/p>\n<p>Rappelons nous les pr\u00e9visions du &#8220;Pacte \u00e9lectrique Breton&#8221;<\/p>\n<p><img src=\"https:\/\/i0.wp.com\/seaus.free.fr\/local\/cache-vignettes\/L500xH268\/pacte._04-e5689.jpg\" alt=\"\" data-recalc-dims=\"1\" \/><\/p>\n<p>L\u2019objectif c\u2019\u00e9tait 23400 Gwh en 2015. Avec un effort maximal nous pouvions ne consommer que 22500 Gwh en 2015.<\/p>\n<p>Or en 2014 nous ne consommons que 20804 Gwh, soit 11% de moins que l\u2019objectif annonc\u00e9 par le &#8220;pacte&#8221; et encore 7,5% de moins que la consommation correspondant \u00e0 un effort maximal !<\/p>\n<p><img src=\"https:\/\/i0.wp.com\/seaus.free.fr\/local\/cache-vignettes\/L500xH252\/landi.22.2014-2-728fc.jpg\" alt=\"\" data-recalc-dims=\"1\" \/><\/p>\n<p>Ces 2600 Gwh de mieux que l\u2019objectif du &#8220;Pacte&#8221; repr\u00e9senteraient 5800 heures de fonctionnement d\u2019une centrale de 450Mw soit 240 jours de fonctionnement. Qui peut encore pr\u00e9tendre qu\u2019elle est n\u00e9cessaire !<\/p>\n<p>Quant aux pointes et \u00e0 la menace de &#8220;blackout&#8221;, n\u2019en parlons plus.<\/p>\n<p><img src=\"https:\/\/i0.wp.com\/seaus.free.fr\/local\/cache-vignettes\/L500xH304\/rte_2014_pointes-a3c7e.jpg\" alt=\"\" data-recalc-dims=\"1\" \/><\/p>\n<p>Il est temps pour les \u00e9lu(e)s de la majorit\u00e9 du conseil r\u00e9gional de reconna\u00eetre que les pr\u00e9visions de la <a href=\"http:\/\/www.plan-eco-energie-bretagne.fr\/upload\/docs\/application\/pdf\/2010-10\/presentation_conference_240910.pdf\">Conf\u00e9rence bretonne de l\u2019\u00e9nergie<\/a> qui s\u2019est tenue en septembre 2010 sont fausses et que le moment est venu de revoir la copie, et en particulier de faire le constat de l\u2019inutilit\u00e9 d\u2019une centrale \u00e9lectrique \u00e0 gaz \u00e0 Landivisiau.<\/p>\n<p>__________________________________________________________________________________________________________________________________________________<\/p>\n<p>Le compte-rendu de la 13\u00e8me conf\u00e9rence bretonne sur l\u2019\u00e9nergie qui s\u2019est tenue en juin 2014, montre que nous ne sommes pas seuls \u00e0 douter.<\/p>\n<p><em><strong>Mme BOUDOU<\/strong>, repr\u00e9sentant \u00ab Europe Ecologie Les Verts \u00bb au groupe de suivi du pacte \u00e9lectrique des \u00e9lus du Conseil r\u00e9gional, estime que la consommation constat\u00e9e est plus faible que pr\u00e9vu et que le projet de CCG ne correspond plus \u00e0 la situation identifi\u00e9e dans le sc\u00e9nario \u00ab MDE renforc\u00e9e \u00bb du Pacte \u00e9lectrique. En outre, le bilan Pacte montre que le logement reste l\u2019enjeu majeur. Or, le projet de loi sur la transition \u00e9nerg\u00e9tique (PLTE) ne cr\u00e9e pas les outils financiers n\u00e9cessaires.<\/p>\n<p><strong>M. JOURDEN<\/strong>, pour la CGT, estime que l\u2019\u00e9volution du contexte \u00e9nerg\u00e9tique international, qui met le gaz en difficult\u00e9, oblige \u00e0 se poser la question de savoir si le projet de centrale CCG est toujours une opportunit\u00e9 ou bien d\u00e9sormais un handicap et ce que la prime envisag\u00e9e au producteur (de l\u2019ordre de 40M\u20ac\/an) permettrait de financer en termes d\u2019\u00e9nergies renouvelables, d\u2019efficacit\u00e9 \u00e9nerg\u00e9tique, etc. <\/em><br \/>\n__________________________________________________________________________________________________________________________________________________<\/p>\n","protected":false},"excerpt":{"rendered":"<p>L\u2019inutilit\u00e9 d\u2019une centrale \u00e9lectrique \u00e0 Landivisiau se v\u00e9rifie ann\u00e9e apr\u00e8s ann\u00e9e. En 2014 ce n\u2019est plus une stagnation mais une baisse de la consommation qui est observ\u00e9e. voir le bilan RTE pour 2014 en Bretagne le t\u00e9l\u00e9gramme Rappelons nous les pr\u00e9visions du &#8220;Pacte \u00e9lectrique Breton&#8221; L\u2019objectif c\u2019\u00e9tait 23400 Gwh en 2015. Avec un effort maximal [&hellip;]<\/p>\n","protected":false},"author":2,"featured_media":0,"comment_status":"closed","ping_status":"closed","sticky":false,"template":"","format":"standard","meta":{"spay_email":"","jetpack_publicize_message":"","jetpack_is_tweetstorm":false,"jetpack_publicize_feature_enabled":true},"categories":[1],"tags":[],"jetpack_featured_media_url":"","jetpack_publicize_connections":[],"jetpack_sharing_enabled":true,"jetpack_shortlink":"https:\/\/wp.me\/pE6pS-ml","_links":{"self":[{"href":"http:\/\/www.landerneau-ecologie.org\/index.php?rest_route=\/wp\/v2\/posts\/1385"}],"collection":[{"href":"http:\/\/www.landerneau-ecologie.org\/index.php?rest_route=\/wp\/v2\/posts"}],"about":[{"href":"http:\/\/www.landerneau-ecologie.org\/index.php?rest_route=\/wp\/v2\/types\/post"}],"author":[{"embeddable":true,"href":"http:\/\/www.landerneau-ecologie.org\/index.php?rest_route=\/wp\/v2\/users\/2"}],"replies":[{"embeddable":true,"href":"http:\/\/www.landerneau-ecologie.org\/index.php?rest_route=%2Fwp%2Fv2%2Fcomments&post=1385"}],"version-history":[{"count":4,"href":"http:\/\/www.landerneau-ecologie.org\/index.php?rest_route=\/wp\/v2\/posts\/1385\/revisions"}],"predecessor-version":[{"id":1398,"href":"http:\/\/www.landerneau-ecologie.org\/index.php?rest_route=\/wp\/v2\/posts\/1385\/revisions\/1398"}],"wp:attachment":[{"href":"http:\/\/www.landerneau-ecologie.org\/index.php?rest_route=%2Fwp%2Fv2%2Fmedia&parent=1385"}],"wp:term":[{"taxonomy":"category","embeddable":true,"href":"http:\/\/www.landerneau-ecologie.org\/index.php?rest_route=%2Fwp%2Fv2%2Fcategories&post=1385"},{"taxonomy":"post_tag","embeddable":true,"href":"http:\/\/www.landerneau-ecologie.org\/index.php?rest_route=%2Fwp%2Fv2%2Ftags&post=1385"}],"curies":[{"name":"wp","href":"https:\/\/api.w.org\/{rel}","templated":true}]}}