{"id":1258,"date":"2015-03-07T09:59:53","date_gmt":"2015-03-07T07:59:53","guid":{"rendered":"http:\/\/www.landerneau-ecologie.org\/?p=1258"},"modified":"2015-03-07T10:02:01","modified_gmt":"2015-03-07T08:02:01","slug":"avec-les-candidates-et-candidats-de-ecologie-democratie-solidarite-dans-le-canton-de-landerneau","status":"publish","type":"post","link":"http:\/\/www.landerneau-ecologie.org\/?p=1258","title":{"rendered":"Avec les candidates et candidats de Ecologie-D\u00e9mocratie-Solidarit\u00e9 dans le canton de Landerneau."},"content":{"rendered":"<p><a href=\"https:\/\/i0.wp.com\/www.landerneau-ecologie.org\/wp-content\/uploads\/2015\/03\/EDS.10.jpg\"><img loading=\"lazy\" src=\"https:\/\/i0.wp.com\/www.landerneau-ecologie.org\/wp-content\/uploads\/2015\/03\/EDS.10.jpg?resize=677%2C682\" alt=\"EDS.10\" width=\"677\" height=\"682\" class=\"aligncenter size-full wp-image-1259\" srcset=\"https:\/\/i0.wp.com\/www.landerneau-ecologie.org\/wp-content\/uploads\/2015\/03\/EDS.10.jpg?w=677 677w, https:\/\/i0.wp.com\/www.landerneau-ecologie.org\/wp-content\/uploads\/2015\/03\/EDS.10.jpg?resize=150%2C150 150w, https:\/\/i0.wp.com\/www.landerneau-ecologie.org\/wp-content\/uploads\/2015\/03\/EDS.10.jpg?resize=297%2C300 297w\" sizes=\"(max-width: 677px) 100vw, 677px\" data-recalc-dims=\"1\" \/><\/a><\/p>\n<p>\u00ab Nous ne sommes pas les plus jeunes des candidats dans le canton de Landerneau mais nous voudrions, justement, donner l&#8217;image de personnes qui connaissent bien notre territoire \u00bb. \u00c2g\u00e9 de 57 ans, Christophe Winckler, a engrang\u00e9 pas mal d&#8217;exp\u00e9rience politique au cours de ses deux mandats cons\u00e9cutifs au conseil municipal de Landerneau et \u00e0 la communaut\u00e9 de communes. Le chef d&#8217;entreprise (\u00e0 Saint-Thonan) n&#8217;avait pas pour habitude de taire ses d\u00e9saccords. Suppl\u00e9ant de Marie-France Cloarec en 2008, l&#8217;adh\u00e9rent d&#8217;Europe \u00e9cologie les Verts se lance comme candidat titulaire cette fois-ci.<\/p>\n<p><strong>\u00c0 l&#8217;\u00e9cole de Plogoff et de l&#8217;Amoco<\/strong><\/p>\n<p>Son compl\u00e9ment de bin\u00f4me n&#8217;est pas encart\u00e9. Annie Collic (59 ans) se dit issue \u00ab de la soci\u00e9t\u00e9 civile \u00bb. Pr\u00e9sente sur une liste aux municipales de 2001 \u00e0 La Forest, elle s&#8217;est surtout forg\u00e9 une conscience politique lors du conflit de Plogoff, de la catastrophe de l&#8217;Amoco, dans son engagement dans la solidarit\u00e9 internationale, le syndicalisme et l&#8217;\u00e9ducation populaire : \u00ab J&#8217;ai accept\u00e9 avec enthousiasme la proposition de rejoindre l&#8217;\u00e9quipe pour cette \u00e9lection. De repr\u00e9senter et faire valoir nos valeurs \u00bb. Goulven Thomin (61 ans) cultive ces m\u00eames valeurs depuis quelques d\u00e9cennies. En th\u00e9orie comme en pratique. D\u00e8s la fin des ann\u00e9es 70, il s&#8217;installe comme agriculteur bio \u00e0 La Roche-Maurice. Le pionnier local, adh\u00e9rent aux Verts depuis 1989, y croit toujours dur comme fer : \u00ab L&#8217;avenir de l&#8217;emploi se situe dans l&#8217;agriculture biologique et les circuits courts \u00bb.<\/p>\n<p><strong>\u00ab Et le second coll\u00e8ge ? \u00bb<\/strong><\/p>\n<p>Membre du groupe politique local D\u00e9mocratie-\u00c9cologie-Solidarit\u00e9 (comme Christophe Winckler), active dans d&#8217;autres associations \u00e9cologiques, adh\u00e9rente d&#8217;EELV, la Landern\u00e9enne Mich\u00e8le Borvon (70 ans) milite depuis 20 ans pour la protection de l&#8217;eau potable, le bio dans les cantines ou les \u00e9nergies renouvelables. L&#8217;ex-enseignante \u00e0 Mescoat ne fait pas partie de ceux qui ont enterr\u00e9 le projet de second coll\u00e8ge public \u00e0 Landerneau, dont l&#8217;inauguration devait s&#8217;effectuer en septembre dernier sur le site de l&#8217;ancien coll\u00e8ge Saint-Jo : \u00ab Aujourd&#8217;hui, 842 coll\u00e9giens sont inscrits \u00e0 Mescoat, un \u00e9tablissement pr\u00e9vu pour accueillir 750 \u00e9l\u00e8ves au maximum. Or, on sait bien qu&#8217;une concentration trop importante d&#8217;enfants am\u00e8ne beaucoup de probl\u00e8me \u00bb.<\/p>\n<p><strong>Campagne pour le vote<\/strong><\/p>\n<p>Ce second coll\u00e8ge (comp\u00e9tence du conseil g\u00e9n\u00e9ral) trouve bonne place dans la liste des propositions des candidats EDS. Au m\u00eame titre que la promotion des pistes cyclables, la d\u00e9fense du transport en commun ou encore la demande d&#8217;abandon du projet de voie de Lanrinou. Des propositions d\u00e9j\u00e0 \u00e9mises, pour la plupart, par les candidats verts des derniers scrutins locaux. Les \u00e9lecteurs seront-ils m\u00fbrs pour leur donner cette fois-ci raison ? \u00ab \u00c9tant donn\u00e9 le risque d&#8217;abstention, nous faisons aussi cette campagne pour inciter les gens \u00e0 aller voter. Si c&#8217;est pour nous, c&#8217;est mieux mais il ne faut pas laisser mourir le droit de vote \u00bb, enjoint Annie Collic.<\/p>\n<p><a href=\"http:\/\/www.letelegramme.fr\/finistere\/landerneau\/departementales-les-verts-persistants-07-03-2015-10549124.php\">En savoir plus sur le t\u00e9l\u00e9gramme<\/a> <\/p>\n","protected":false},"excerpt":{"rendered":"<p>\u00ab Nous ne sommes pas les plus jeunes des candidats dans le canton de Landerneau mais nous voudrions, justement, donner l&#8217;image de personnes qui connaissent bien notre territoire \u00bb. \u00c2g\u00e9 de 57 ans, Christophe Winckler, a engrang\u00e9 pas mal d&#8217;exp\u00e9rience politique au cours de ses deux mandats cons\u00e9cutifs au conseil municipal de Landerneau et \u00e0 [&hellip;]<\/p>\n","protected":false},"author":2,"featured_media":0,"comment_status":"closed","ping_status":"closed","sticky":false,"template":"","format":"standard","meta":{"spay_email":"","jetpack_publicize_message":"","jetpack_is_tweetstorm":false,"jetpack_publicize_feature_enabled":true},"categories":[1],"tags":[],"jetpack_featured_media_url":"","jetpack_publicize_connections":[],"jetpack_sharing_enabled":true,"jetpack_shortlink":"https:\/\/wp.me\/pE6pS-ki","_links":{"self":[{"href":"http:\/\/www.landerneau-ecologie.org\/index.php?rest_route=\/wp\/v2\/posts\/1258"}],"collection":[{"href":"http:\/\/www.landerneau-ecologie.org\/index.php?rest_route=\/wp\/v2\/posts"}],"about":[{"href":"http:\/\/www.landerneau-ecologie.org\/index.php?rest_route=\/wp\/v2\/types\/post"}],"author":[{"embeddable":true,"href":"http:\/\/www.landerneau-ecologie.org\/index.php?rest_route=\/wp\/v2\/users\/2"}],"replies":[{"embeddable":true,"href":"http:\/\/www.landerneau-ecologie.org\/index.php?rest_route=%2Fwp%2Fv2%2Fcomments&post=1258"}],"version-history":[{"count":3,"href":"http:\/\/www.landerneau-ecologie.org\/index.php?rest_route=\/wp\/v2\/posts\/1258\/revisions"}],"predecessor-version":[{"id":1262,"href":"http:\/\/www.landerneau-ecologie.org\/index.php?rest_route=\/wp\/v2\/posts\/1258\/revisions\/1262"}],"wp:attachment":[{"href":"http:\/\/www.landerneau-ecologie.org\/index.php?rest_route=%2Fwp%2Fv2%2Fmedia&parent=1258"}],"wp:term":[{"taxonomy":"category","embeddable":true,"href":"http:\/\/www.landerneau-ecologie.org\/index.php?rest_route=%2Fwp%2Fv2%2Fcategories&post=1258"},{"taxonomy":"post_tag","embeddable":true,"href":"http:\/\/www.landerneau-ecologie.org\/index.php?rest_route=%2Fwp%2Fv2%2Ftags&post=1258"}],"curies":[{"name":"wp","href":"https:\/\/api.w.org\/{rel}","templated":true}]}}