{"id":1000,"date":"2014-08-17T09:39:47","date_gmt":"2014-08-17T07:39:47","guid":{"rendered":"http:\/\/www.landerneau-ecologie.org\/?p=1000"},"modified":"2014-09-13T14:25:15","modified_gmt":"2014-09-13T12:25:15","slug":"1000","status":"publish","type":"post","link":"http:\/\/www.landerneau-ecologie.org\/?p=1000","title":{"rendered":"Le m\u00e9moire de S-eau-S sur la centrale \u00e9lectrique \u00e0 gaz de Landivisiau"},"content":{"rendered":"<p><a href=\"https:\/\/i0.wp.com\/www.landerneau-ecologie.org\/wp-content\/uploads\/2014\/08\/Landi-impact.032.jpg\"><img loading=\"lazy\" class=\"aligncenter  wp-image-1004\" src=\"https:\/\/i0.wp.com\/www.landerneau-ecologie.org\/wp-content\/uploads\/2014\/08\/Landi-impact.032.jpg?resize=666%2C417\" alt=\"\" width=\"666\" height=\"417\" srcset=\"https:\/\/i0.wp.com\/www.landerneau-ecologie.org\/wp-content\/uploads\/2014\/08\/Landi-impact.032.jpg?w=829 829w, https:\/\/i0.wp.com\/www.landerneau-ecologie.org\/wp-content\/uploads\/2014\/08\/Landi-impact.032.jpg?resize=300%2C187 300w\" sizes=\"(max-width: 666px) 100vw, 666px\" data-recalc-dims=\"1\" \/><\/a><\/p>\n<p>L\u2019\u00e9tude d\u2019impact pr\u00e9sent\u00e9e par Direct Energie pour le projet de centrale \u00e9lectrique au gaz a Landivisiau a fait l\u2019objet de nombreuses remarques et recommandations de la part de l\u2019Autorit\u00e9 Environnementale.<\/p>\n<p>Apr\u00e8s \u00e9tude du dossier, l\u2019association S-eau-S, a r\u00e9dig\u00e9 un m\u00e9moire compl\u00e9mentaire sur l\u2019impact de l\u2019installation sur la qualit\u00e9 de l\u2019air. Ce m\u00e9moire a \u00e9t\u00e9 adress\u00e9 \u00e0 l\u2019Autorit\u00e9 Environnementale. Puis, sur le conseil de celle-ci, au pr\u00e9fet du Finist\u00e8re et au directeur de la Direction R\u00e9gionale de l\u2019Environnement, de l\u2019Am\u00e9nagement et du Logement de Bretagne (DREAL Bretagne).<br \/>\nLe m\u00e9moire de S-eau-S<\/p>\n<p><strong>Des mesures faites au mauvais endroit et au mauvais moment.<\/strong><\/p>\n<p><a href=\"http:\/\/seaus.free.fr\/IMG\/odt\/landi_memoire_qualite_de_l_air_presente_par_s-eau-s.edite.odt\"><strong>Voir le m\u00e9moire<\/strong><\/a><\/p>\n<p>Voir aussi :<\/p>\n<p><a href=\"http:\/\/seaus.free.fr\/spip.php?article1153\"><strong>Centrale \u00e0 gaz de Landivisiau. Recommandations du Conseil g\u00e9n\u00e9ral de l\u2019environnement et du d\u00e9veloppement durable : de nombreux points restent \u00e0 \u00e9claircir.<\/strong><\/a><\/p>\n<p><a href=\"http:\/\/seaus.free.fr\/spip.php?article1154\"><strong>Centrale \u00e9lectrique \u00e0 gaz de Landivisiau. Etude d\u2019impact \u00e0 revoir.<\/strong><\/a><\/p>\n<p>__________________________________________________________________________________________________________________________________<\/p>\n","protected":false},"excerpt":{"rendered":"<p>L\u2019\u00e9tude d\u2019impact pr\u00e9sent\u00e9e par Direct Energie pour le projet de centrale \u00e9lectrique au gaz a Landivisiau a fait l\u2019objet de nombreuses remarques et recommandations de la part de l\u2019Autorit\u00e9 Environnementale. Apr\u00e8s \u00e9tude du dossier, l\u2019association S-eau-S, a r\u00e9dig\u00e9 un m\u00e9moire compl\u00e9mentaire sur l\u2019impact de l\u2019installation sur la qualit\u00e9 de l\u2019air. Ce m\u00e9moire a \u00e9t\u00e9 adress\u00e9 [&hellip;]<\/p>\n","protected":false},"author":2,"featured_media":0,"comment_status":"closed","ping_status":"closed","sticky":false,"template":"","format":"standard","meta":{"spay_email":"","jetpack_publicize_message":"","jetpack_is_tweetstorm":false,"jetpack_publicize_feature_enabled":true},"categories":[13,18],"tags":[],"jetpack_featured_media_url":"","jetpack_publicize_connections":[],"jetpack_sharing_enabled":true,"jetpack_shortlink":"https:\/\/wp.me\/sE6pS-1000","_links":{"self":[{"href":"http:\/\/www.landerneau-ecologie.org\/index.php?rest_route=\/wp\/v2\/posts\/1000"}],"collection":[{"href":"http:\/\/www.landerneau-ecologie.org\/index.php?rest_route=\/wp\/v2\/posts"}],"about":[{"href":"http:\/\/www.landerneau-ecologie.org\/index.php?rest_route=\/wp\/v2\/types\/post"}],"author":[{"embeddable":true,"href":"http:\/\/www.landerneau-ecologie.org\/index.php?rest_route=\/wp\/v2\/users\/2"}],"replies":[{"embeddable":true,"href":"http:\/\/www.landerneau-ecologie.org\/index.php?rest_route=%2Fwp%2Fv2%2Fcomments&post=1000"}],"version-history":[{"count":5,"href":"http:\/\/www.landerneau-ecologie.org\/index.php?rest_route=\/wp\/v2\/posts\/1000\/revisions"}],"predecessor-version":[{"id":1020,"href":"http:\/\/www.landerneau-ecologie.org\/index.php?rest_route=\/wp\/v2\/posts\/1000\/revisions\/1020"}],"wp:attachment":[{"href":"http:\/\/www.landerneau-ecologie.org\/index.php?rest_route=%2Fwp%2Fv2%2Fmedia&parent=1000"}],"wp:term":[{"taxonomy":"category","embeddable":true,"href":"http:\/\/www.landerneau-ecologie.org\/index.php?rest_route=%2Fwp%2Fv2%2Fcategories&post=1000"},{"taxonomy":"post_tag","embeddable":true,"href":"http:\/\/www.landerneau-ecologie.org\/index.php?rest_route=%2Fwp%2Fv2%2Ftags&post=1000"}],"curies":[{"name":"wp","href":"https:\/\/api.w.org\/{rel}","templated":true}]}}